{"id":2440,"date":"2025-11-26T09:33:46","date_gmt":"2025-11-26T09:33:46","guid":{"rendered":"https:\/\/www.champagne-paulmarie-bertrand.fr\/fr\/?p=2440"},"modified":"2025-11-26T09:33:46","modified_gmt":"2025-11-26T09:33:46","slug":"champagne-day-2026","status":"publish","type":"post","link":"https:\/\/www.champagne-paulmarie-bertrand.fr\/fr\/champagne-day-2026\/","title":{"rendered":"Champagne Day 2026"},"content":{"rendered":"<div class=\"custom_font_holder\">\n<p><strong>Officiel<\/strong>\u00a0:\u00a0<strong>La F\u00eate mondiale du Champagne<\/strong>\u00a0aura lieu le\u00a0<span style=\"color: #ff0000;\"><strong>23 Octobre 2026<\/strong><\/span>\u00a0!<\/p>\n<p>Prenez date &amp; partagez autour de vous !!!<\/p>\n<\/div>\n<div class=\"vc_empty_space\">Chaque ann\u00e9e, le\u00a0<strong>4\u00e8me vendredi d\u2019Octobre<\/strong>\u00a0met \u00e0 l\u2019honneur\u00a0<strong>sa Majest\u00e9 le Champagne<\/strong>\u00a0!<\/div>\n<div class=\"vc_row wpb_row section vc_row-fluid vc_inner \">\n<div class=\" full_section_inner clearfix\">\n<div class=\"wpb_column vc_column_container vc_col-sm-8\">\n<div class=\"vc_column-inner\">\n<div class=\"wpb_wrapper\">\n<div class=\"wpb_text_column wpb_content_element \">\n<div class=\"wpb_wrapper\">\n<p><strong>C\u00e9l\u00e9brez ce jour<\/strong>\u00a0plein d\u2019effervescence &amp; d\u00e9gustez du champagne en\u00a0<strong>partageant<\/strong>\u00a0vos\u00a0<strong>\u00e9motions<\/strong>\u00a0et vos\u00a0<strong>coups de c\u0153ur<\/strong>\u00a0en photos ou vid\u00e9os sur vos r\u00e9seaux sociaux pr\u00e9f\u00e9r\u00e9s avec le\u00a0<strong>hashtag\u00a0#champagneday<\/strong>.<br \/>\n<strong>D\u00e9gustez<\/strong>\u00a0(avec mod\u00e9ration bien s\u00fbr !)\u00a0<strong>quelques coupes de Champagne ensemble, dans le monde entier, par r\u00e9seaux sociaux interpos\u00e9s<\/strong>.<\/p>\n<p>+ d\u2019infos ici :\u00a0<a href=\"https:\/\/www.champagneday.fr\/\" target=\"_blank\" rel=\"noopener\"><strong>champagneday.fr<\/strong><\/a><\/p>\n<\/div>\n<\/div>\n<\/div>\n<\/div>\n<\/div>\n<\/div>\n<\/div>\n","protected":false},"excerpt":{"rendered":"<p>Officiel\u00a0:\u00a0La F\u00eate mondiale du Champagne\u00a0aura lieu le\u00a023 Octobre 2026\u00a0! Prenez date &amp; partagez autour de vous !!! Chaque ann\u00e9e, le\u00a04\u00e8me vendredi d\u2019Octobre\u00a0met \u00e0 l\u2019honneur\u00a0sa Majest\u00e9 le Champagne\u00a0! C\u00e9l\u00e9brez ce jour\u00a0plein d\u2019effervescence &amp; d\u00e9gustez du champagne en\u00a0partageant\u00a0vos\u00a0\u00e9motions\u00a0et vos\u00a0coups de c\u0153ur\u00a0en photos ou vid\u00e9os sur vos r\u00e9seaux sociaux pr\u00e9f\u00e9r\u00e9s avec le\u00a0hashtag\u00a0#champagneday. D\u00e9gustez\u00a0(avec mod\u00e9ration bien s\u00fbr !)\u00a0quelques coupes [&hellip;]<\/p>\n","protected":false},"author":1,"featured_media":2441,"comment_status":"closed","ping_status":"closed","sticky":false,"template":"","format":"standard","meta":{"footnotes":""},"categories":[79,80],"tags":[81],"amp_enabled":true,"_links":{"self":[{"href":"https:\/\/www.champagne-paulmarie-bertrand.fr\/fr\/wp-json\/wp\/v2\/posts\/2440"}],"collection":[{"href":"https:\/\/www.champagne-paulmarie-bertrand.fr\/fr\/wp-json\/wp\/v2\/posts"}],"about":[{"href":"https:\/\/www.champagne-paulmarie-bertrand.fr\/fr\/wp-json\/wp\/v2\/types\/post"}],"author":[{"embeddable":true,"href":"https:\/\/www.champagne-paulmarie-bertrand.fr\/fr\/wp-json\/wp\/v2\/users\/1"}],"replies":[{"embeddable":true,"href":"https:\/\/www.champagne-paulmarie-bertrand.fr\/fr\/wp-json\/wp\/v2\/comments?post=2440"}],"version-history":[{"count":1,"href":"https:\/\/www.champagne-paulmarie-bertrand.fr\/fr\/wp-json\/wp\/v2\/posts\/2440\/revisions"}],"predecessor-version":[{"id":2442,"href":"https:\/\/www.champagne-paulmarie-bertrand.fr\/fr\/wp-json\/wp\/v2\/posts\/2440\/revisions\/2442"}],"wp:featuredmedia":[{"embeddable":true,"href":"https:\/\/www.champagne-paulmarie-bertrand.fr\/fr\/wp-json\/wp\/v2\/media\/2441"}],"wp:attachment":[{"href":"https:\/\/www.champagne-paulmarie-bertrand.fr\/fr\/wp-json\/wp\/v2\/media?parent=2440"}],"wp:term":[{"taxonomy":"category","embeddable":true,"href":"https:\/\/www.champagne-paulmarie-bertrand.fr\/fr\/wp-json\/wp\/v2\/categories?post=2440"},{"taxonomy":"post_tag","embeddable":true,"href":"https:\/\/www.champagne-paulmarie-bertrand.fr\/fr\/wp-json\/wp\/v2\/tags?post=2440"}],"curies":[{"name":"wp","href":"https:\/\/api.w.org\/{rel}","templated":true}]}}